{"id":817,"date":"2025-02-03T17:09:00","date_gmt":"2025-02-03T17:09:00","guid":{"rendered":"https:\/\/darkcyan-turtle-783204.hostingersite.com\/?p=817"},"modified":"2026-03-01T16:22:35","modified_gmt":"2026-03-01T16:22:35","slug":"vida-no-exterior-saude-mental","status":"publish","type":"post","link":"https:\/\/andreacruzpsy.com\/br\/vida-no-exterior-saude-mental\/","title":{"rendered":"O Que Ningu\u00e9m Prepara: A Bagagem Emocional da Vida no Exterior"},"content":{"rendered":"\t\t<div data-elementor-type=\"wp-post\" data-elementor-id=\"817\" class=\"elementor elementor-817\" data-elementor-settings=\"{&quot;element_pack_global_tooltip_width&quot;:{&quot;unit&quot;:&quot;px&quot;,&quot;size&quot;:&quot;&quot;,&quot;sizes&quot;:[]},&quot;element_pack_global_tooltip_width_laptop&quot;:{&quot;unit&quot;:&quot;px&quot;,&quot;size&quot;:&quot;&quot;,&quot;sizes&quot;:[]},&quot;element_pack_global_tooltip_width_tablet&quot;:{&quot;unit&quot;:&quot;px&quot;,&quot;size&quot;:&quot;&quot;,&quot;sizes&quot;:[]},&quot;element_pack_global_tooltip_width_mobile&quot;:{&quot;unit&quot;:&quot;px&quot;,&quot;size&quot;:&quot;&quot;,&quot;sizes&quot;:[]},&quot;element_pack_global_tooltip_padding&quot;:{&quot;unit&quot;:&quot;px&quot;,&quot;top&quot;:&quot;&quot;,&quot;right&quot;:&quot;&quot;,&quot;bottom&quot;:&quot;&quot;,&quot;left&quot;:&quot;&quot;,&quot;isLinked&quot;:true},&quot;element_pack_global_tooltip_padding_laptop&quot;:{&quot;unit&quot;:&quot;px&quot;,&quot;top&quot;:&quot;&quot;,&quot;right&quot;:&quot;&quot;,&quot;bottom&quot;:&quot;&quot;,&quot;left&quot;:&quot;&quot;,&quot;isLinked&quot;:true},&quot;element_pack_global_tooltip_padding_tablet&quot;:{&quot;unit&quot;:&quot;px&quot;,&quot;top&quot;:&quot;&quot;,&quot;right&quot;:&quot;&quot;,&quot;bottom&quot;:&quot;&quot;,&quot;left&quot;:&quot;&quot;,&quot;isLinked&quot;:true},&quot;element_pack_global_tooltip_padding_mobile&quot;:{&quot;unit&quot;:&quot;px&quot;,&quot;top&quot;:&quot;&quot;,&quot;right&quot;:&quot;&quot;,&quot;bottom&quot;:&quot;&quot;,&quot;left&quot;:&quot;&quot;,&quot;isLinked&quot;:true},&quot;element_pack_global_tooltip_border_radius&quot;:{&quot;unit&quot;:&quot;px&quot;,&quot;top&quot;:&quot;&quot;,&quot;right&quot;:&quot;&quot;,&quot;bottom&quot;:&quot;&quot;,&quot;left&quot;:&quot;&quot;,&quot;isLinked&quot;:true},&quot;element_pack_global_tooltip_border_radius_laptop&quot;:{&quot;unit&quot;:&quot;px&quot;,&quot;top&quot;:&quot;&quot;,&quot;right&quot;:&quot;&quot;,&quot;bottom&quot;:&quot;&quot;,&quot;left&quot;:&quot;&quot;,&quot;isLinked&quot;:true},&quot;element_pack_global_tooltip_border_radius_tablet&quot;:{&quot;unit&quot;:&quot;px&quot;,&quot;top&quot;:&quot;&quot;,&quot;right&quot;:&quot;&quot;,&quot;bottom&quot;:&quot;&quot;,&quot;left&quot;:&quot;&quot;,&quot;isLinked&quot;:true},&quot;element_pack_global_tooltip_border_radius_mobile&quot;:{&quot;unit&quot;:&quot;px&quot;,&quot;top&quot;:&quot;&quot;,&quot;right&quot;:&quot;&quot;,&quot;bottom&quot;:&quot;&quot;,&quot;left&quot;:&quot;&quot;,&quot;isLinked&quot;:true}}\" data-elementor-post-type=\"post\">\n\t\t\t\t<div class=\"elementor-element elementor-element-167e5b58 e-flex e-con-boxed wpr-particle-no wpr-jarallax-no wpr-parallax-no wpr-sticky-section-no wpr-equal-height-no e-con e-parent\" data-id=\"167e5b58\" data-element_type=\"container\" data-e-type=\"container\">\n\t\t\t\t\t<div class=\"e-con-inner\">\n\t\t\t\t<div class=\"elementor-element elementor-element-919ff19 elementor-widget elementor-widget-text-editor\" data-id=\"919ff19\" data-element_type=\"widget\" data-e-type=\"widget\" data-widget_type=\"text-editor.default\">\n\t\t\t\t<div class=\"elementor-widget-container\">\n\t\t\t\t\t\t\t\t\t<p>Se voc\u00ea vive fora do Brasil, talvez j\u00e1 tenha sentido isso: a sensa\u00e7\u00e3o de carregar um peso que n\u00e3o se v\u00ea. Pode ser o n\u00f3 na garganta depois de uma liga\u00e7\u00e3o com a fam\u00edlia. Pode ser o cansa\u00e7o de tentar se explicar numa l\u00edngua que n\u00e3o \u00e9 a sua. Pode ser aquele sil\u00eancio que aparece no fim do dia, quando tudo parece estar certo por fora, mas por dentro est\u00e1 dif\u00edcil.<\/p>\n<p><br><\/p>\n<p><i><b>Esse texto \u00e9 para voc\u00ea que saiu do seu pa\u00eds, mas \u00e0s vezes sente que tamb\u00e9m saiu de si.<\/b><\/i><\/p>\n<p><br><\/p>\n<p>A vida no exterior traz muitos desafios. Alguns s\u00e3o pr\u00e1ticos: moradia, trabalho, adapta\u00e7\u00e3o cultural. Outros s\u00e3o mais dif\u00edceis de explicar, porque acontecem por dentro. Uma mistura de saudade, inseguran\u00e7a, medo de n\u00e3o dar conta, solid\u00e3o. E isso n\u00e3o \u00e9 exagero, nem fraqueza. \u00c9 parte de uma experi\u00eancia humana profunda e \u00e9 leg\u00edtima (Matsue, 2012; On\u00f3rio &amp; Silva, 2025).<\/p>\n<p><\/p>\n<p>A psicologia tem estudado o que acontece com pessoas que vivem longe do seu pa\u00eds. E esses estudos mostram que a migra\u00e7\u00e3o n\u00e3o afeta apenas a rotina, mas tamb\u00e9m a forma como a pessoa se v\u00ea, se sente e se relaciona com o mundo.<\/p>\n<p><\/p>\n<p>No Jap\u00e3o, por exemplo, muitos brasileiros vivem h\u00e1 anos sem se sentirem integrados. Mesmo depois de tanto tempo, ainda enfrentam barreiras lingu\u00edsticas, invisibilidade social e dificuldade de acesso a servi\u00e7os b\u00e1sicos. Matsue (2012), que estudou essas comunidades, identificou que a falta de pertencimento gera sofrimento emocional intenso, como solid\u00e3o, ansiedade e tristeza. Ela observa que, sem conseguir se <strong>comunicar plenamente<\/strong>, muitos brasileiros evitam buscar ajuda m\u00e9dica e psicol\u00f3gica, mesmo quando sentem que precisam.<\/p>\n<p><\/p>\n<p>Nesse contexto, o que tem feito diferen\u00e7a \u00e9 o apoio emocional entre compatriotas. Grupos religiosos, por exemplo, t\u00eam servido como espa\u00e7o de escuta e acolhimento, ainda que, \u00e0s vezes, envolvam normas morais r\u00edgidas. O importante \u00e9 que nesses espa\u00e7os, a pessoa se sente menos sozinha e menos \u00e0 margem.<\/p>\n<p><\/p>\n<p>Gustavo Dias (2010), ao pesquisar a vida de imigrantes brasileiros em Londres, encontrou outro ponto fundamental: a casa. Mesmo que seja um quarto alugado e compartilhado, a casa vira um espa\u00e7o de reconstru\u00e7\u00e3o. \u00c9 onde se come arroz com feij\u00e3o, onde se fala portugu\u00eas, onde se mant\u00e9m vivas pequenas tradi\u00e7\u00f5es. Segundo Dias, esse ambiente dom\u00e9stico (ainda que prec\u00e1rio), ajuda a manter uma sensa\u00e7\u00e3o de identidade, de continuidade, de quem se \u00e9. Em outras palavras, a casa se transforma num lugar onde \u00e9 poss\u00edvel respirar.<\/p>\n<p><\/p>\n<p>Mas h\u00e1 algo que escapa \u00e0 vista e tamb\u00e9m pesa: o modo como a pessoa se compara aos outros. Moura (2024), ao estudar brasileiros que vivem em Portugal, percebeu que quanto mais os imigrantes se comparam com os portugueses ou grupo socialmente mais valorizado, maior \u00e9 o impacto negativo sobre a autoestima. Sentem-se insuficientes, deslocados, incapazes. J\u00e1 quando se comparam com pessoas em situa\u00e7\u00e3o semelhante, ou com sua pr\u00f3pria trajet\u00f3ria, o efeito \u00e9 mais acolhedor. H\u00e1 mais realismo e menos cobran\u00e7a.<\/p>\n<p><\/p>\n<p>Essas experi\u00eancias, o isolamento, o sentimento de inadequa\u00e7\u00e3o, a autocr\u00edtica constante t\u00eam algo em comum: a forma como s\u00e3o interpretadas internamente. E \u00e9 nesse ponto que a psicologia cl\u00ednica tem muito a contribuir.<\/p>\n<p><\/p>\n<p>Aaron Beck, um dos principais nomes da psicologia contempor\u00e2nea, mostrou que o sofrimento emocional n\u00e3o est\u00e1 apenas nos fatos, mas na maneira como os interpretamos. Quando a pessoa pensa \u201cn\u00e3o estou me esfor\u00e7ando o bastante\u201d ou \u201cnunca vou me adaptar\u201d, esses pensamentos passam a moldar o que ela sente e como age. Muitas vezes, esses pensamentos surgem automaticamente, com base em cren\u00e7as antigas, como \u201cpreciso ser perfeito para ser aceito\u201d ou \u201csou um fracasso se n\u00e3o der conta de tudo\u201d.<\/p>\n<p><\/p>\n<p>Essas ideias, chamadas por Beck de cren\u00e7as centrais, costumam ser ativadas em momentos de estresse ou mudan\u00e7a como a migra\u00e7\u00e3o. Elas funcionam como lentes pelas quais a realidade \u00e9 interpretada. E quanto mais r\u00edgidas forem essas lentes, mais dif\u00edcil se torna enxergar a pr\u00f3pria hist\u00f3ria com compaix\u00e3o e perspectiva.<\/p>\n<p><\/p>\n<p>Al\u00e9m dos pensamentos, \u00e9 preciso olhar para as emo\u00e7\u00f5es. Leahy e colegas, observaram que muitas pessoas n\u00e3o sofrem apenas pela emo\u00e7\u00e3o em si, mas pela tentativa de fugir dela. Quem vive fora do seu pa\u00eds pode sentir uma mistura de raiva, medo, vergonha e tristeza, mas sem conseguir nomear ou expressar isso. Em vez disso, se cala, se sobrecarrega, ou se isola. E isso s\u00f3 aumenta a sensa\u00e7\u00e3o de estar sozinho com o pr\u00f3prio sofrimento.<\/p>\n<p><\/p>\n<p>O que Leahy prop\u00f5e \u00e9 o desenvolvimento de recursos emocionais, aprender a lidar com as emo\u00e7\u00f5es, tolerar desconforto, reconhecer os pr\u00f3prios limites. Ele mostra que emo\u00e7\u00f5es como ansiedade ou tristeza n\u00e3o s\u00e3o sinais de fraqueza, mas respostas humanas a contextos dif\u00edceis. O problema est\u00e1 em como lidamos com essas emo\u00e7\u00f5es quando elas se tornam intensas demais, frequentes demais, ou nos impedem de viver.<\/p>\n<p><\/p>\n<p>Esse conjunto de pensamentos r\u00edgidos, emo\u00e7\u00f5es mal compreendidas e comportamentos de evita\u00e7\u00e3o \u00e9 algo que pode ser transformado com ajuda profissional. N\u00e3o se trata de apagar a dor, mas de compreend\u00ea-la. De construir novas formas de interpretar o que est\u00e1 sendo vivido, reconhecendo a complexidade da vida fora do pa\u00eds sem romantizar, mas tamb\u00e9m sem se abandonar.<\/p>\n<p><\/p>\n<p>Na pr\u00e1tica cl\u00ednica, \u00e9 poss\u00edvel ajudar algu\u00e9m a identificar quando est\u00e1 preso em ciclos de autocr\u00edtica, quando est\u00e1 reagindo a velhas cren\u00e7as em vez de fatos, ou quando est\u00e1 tentando ser forte demais por fora enquanto tudo desmorona por dentro. Trabalhar essas camadas \u00e9 uma forma de organizar a bagagem emocional acumulada. E isso pode abrir espa\u00e7o para respirar, escolher e se reconstruir.<\/p>\n<p><\/p>\n<p>Viver fora do Brasil n\u00e3o deveria significar viver longe de si. O que voc\u00ea sente faz sentido. E merece espa\u00e7o para ser cuidado com respeito, \u00e9tica e escuta.<\/p>\n<p><\/p>\n<p>Se essa leitura te tocou de alguma forma, saiba que \u00e9 poss\u00edvel atravessar esse momento com apoio. E que n\u00e3o \u00e9 preciso seguir sozinho.<\/p>\t\t\t\t\t\t\t\t<\/div>\n\t\t\t\t<\/div>\n\t\t\t\t<div class=\"elementor-element elementor-element-eabd9a0 elementor-widget elementor-widget-spacer\" data-id=\"eabd9a0\" data-element_type=\"widget\" data-e-type=\"widget\" data-widget_type=\"spacer.default\">\n\t\t\t\t<div class=\"elementor-widget-container\">\n\t\t\t\t\t\t\t<div class=\"elementor-spacer\">\n\t\t\t<div class=\"elementor-spacer-inner\"><\/div>\n\t\t<\/div>\n\t\t\t\t\t\t<\/div>\n\t\t\t\t<\/div>\n\t\t<div class=\"elementor-element elementor-element-1208060 e-con-full e-flex wpr-particle-no wpr-jarallax-no wpr-parallax-no wpr-sticky-section-no wpr-equal-height-no e-con e-child\" data-id=\"1208060\" data-element_type=\"container\" data-e-type=\"container\">\n\t\t\t\t<div class=\"elementor-element elementor-element-24f8be3 elementor-widget elementor-widget-text-editor\" data-id=\"24f8be3\" data-element_type=\"widget\" data-e-type=\"widget\" data-widget_type=\"text-editor.default\">\n\t\t\t\t<div class=\"elementor-widget-container\">\n\t\t\t\t\t\t\t\t\t<p class=\"\" data-start=\"6586\" data-end=\"6601\"><strong data-start=\"6586\" data-end=\"6601\">Refer\u00eancias<\/strong><\/p>\n<p class=\"\" data-start=\"6603\" data-end=\"6693\">Beck, A. T. (1979). <em data-start=\"6623\" data-end=\"6670\">Cognitive therapy and the emotional disorders<\/em>. New American Library.<\/p>\n<p class=\"\" data-start=\"6695\" data-end=\"6847\">Dias, G. T. (2010). <em data-start=\"6715\" data-end=\"6801\">Casa de brasileiros em Londres: A import\u00e2ncia da casa para os imigrantes brasileiros<\/em>. <em data-start=\"6803\" data-end=\"6835\">Travessia: Revista do Migrante<\/em>, 66, 45\u201351.<\/p>\n<p class=\"\" data-start=\"6849\" data-end=\"6951\">Leahy, R. L., Tirch, D. D., &amp; Napolitano, L. A. (2021). <em data-start=\"6905\" data-end=\"6942\">Regula\u00e7\u00e3o emocional em psicoterapia<\/em>. Artmed.<\/p>\n<p class=\"\" data-start=\"6953\" data-end=\"7141\">Matsue, R. Y. (2012). <em data-start=\"6975\" data-end=\"7094\">\u201cSentir-se em casa longe de casa\u201d: vulnerabilidade, religiosidade e apoio social entre migrantes brasileiros no Jap\u00e3o<\/em>. <em data-start=\"7096\" data-end=\"7122\">Ci\u00eancia &amp; Sa\u00fade Coletiva<\/em>, 17(5), 1135\u20131142.<\/p>\n<p class=\"\" data-start=\"7143\" data-end=\"7299\">Moura, M. M. L. (2024). <em data-start=\"7167\" data-end=\"7248\">Compara\u00e7\u00e3o social e bem-estar psicol\u00f3gico de imigrantes brasileiros em Portugal<\/em> [Disserta\u00e7\u00e3o de Mestrado, Universidade de Lisboa].<\/p>\n<p class=\"\" data-start=\"7301\" data-end=\"7498\">On\u00f3rio, T. R., &amp; Silva, J. (2025). <em data-start=\"7336\" data-end=\"7442\">Os avan\u00e7os e a import\u00e2ncia da Psicologia Intercultural nos estudos do processo migrat\u00f3rio de brasileiros<\/em>. In <em data-start=\"7447\" data-end=\"7488\">Migra\u00e7\u00e3o, Trabalho e Povos Tradicionais<\/em> (Vol. 1).<\/p>\t\t\t\t\t\t\t\t<\/div>\n\t\t\t\t<\/div>\n\t\t\t\t<\/div>\n\t\t\t\t<div class=\"elementor-element elementor-element-404a4c6 elementor-widget elementor-widget-spacer\" data-id=\"404a4c6\" data-element_type=\"widget\" data-e-type=\"widget\" data-widget_type=\"spacer.default\">\n\t\t\t\t<div class=\"elementor-widget-container\">\n\t\t\t\t\t\t\t<div class=\"elementor-spacer\">\n\t\t\t<div class=\"elementor-spacer-inner\"><\/div>\n\t\t<\/div>\n\t\t\t\t\t\t<\/div>\n\t\t\t\t<\/div>\n\t\t\t\t<div class=\"elementor-element elementor-element-a0f950f elementor-widget-divider--view-line elementor-widget elementor-widget-divider\" data-id=\"a0f950f\" data-element_type=\"widget\" data-e-type=\"widget\" data-widget_type=\"divider.default\">\n\t\t\t\t<div class=\"elementor-widget-container\">\n\t\t\t\t\t\t\t<div class=\"elementor-divider\">\n\t\t\t<span class=\"elementor-divider-separator\">\n\t\t\t\t\t\t<\/span>\n\t\t<\/div>\n\t\t\t\t\t\t<\/div>\n\t\t\t\t<\/div>\n\t\t<div class=\"elementor-element elementor-element-50856d3 e-con-full e-flex wpr-particle-no wpr-jarallax-no wpr-parallax-no wpr-sticky-section-no wpr-equal-height-no e-con e-child\" data-id=\"50856d3\" data-element_type=\"container\" data-e-type=\"container\">\n\t\t\t\t<div class=\"elementor-element elementor-element-885791a elementor-widget elementor-widget-text-editor\" data-id=\"885791a\" data-element_type=\"widget\" data-e-type=\"widget\" data-widget_type=\"text-editor.default\">\n\t\t\t\t<div class=\"elementor-widget-container\">\n\t\t\t\t\t\t\t\t\t<p>Influenciadora? S\u00f3 se for de autocuidado, autoconhecimento e umas verdades que a terapia n\u00e3o esconde.<br>Sou psic\u00f3loga e crio conte\u00fado para quem prefere profundidade \u00e0 performance. Aqui, sa\u00fade mental n\u00e3o \u00e9 tend\u00eancia: \u00e9 prioridade.<br>Se chegou at\u00e9 aqui, n\u00e3o foi por acaso. Fica. L\u00ea. Reflete. Ou volta quando quiser, a porta est\u00e1 sempre aberta.<\/p>\n<p><strong>Por Andrea Cruz | Atualizado em 03\/02\/2025<\/strong><\/p>\t\t\t\t\t\t\t\t<\/div>\n\t\t\t\t<\/div>\n\t\t\t\t<\/div>\n\t\t\t\t\t<\/div>\n\t\t\t\t<\/div>\n\t\t\t\t<\/div>\n\t\t","protected":false},"excerpt":{"rendered":"<p>Se voc\u00ea vive fora do Brasil, talvez j\u00e1 tenha sentido isso: a sensa\u00e7\u00e3o de carregar um peso que n\u00e3o se v\u00ea. Pode ser o n\u00f3 na garganta depois de uma liga\u00e7\u00e3o com a fam\u00edlia. Pode ser o cansa\u00e7o de tentar se explicar numa l\u00edngua que n\u00e3o \u00e9 a sua. Pode ser aquele sil\u00eancio que aparece no fim do dia, quando tudo parece estar certo por fora, mas por dentro est\u00e1 dif\u00edcil. Esse texto \u00e9 para voc\u00ea que saiu do seu pa\u00eds, mas \u00e0s vezes sente que tamb\u00e9m saiu de si. A vida no exterior traz muitos desafios. Alguns s\u00e3o pr\u00e1ticos: moradia, trabalho, adapta\u00e7\u00e3o cultural. Outros s\u00e3o mais dif\u00edceis de explicar, porque acontecem por dentro. Uma mistura de saudade, inseguran\u00e7a, medo de n\u00e3o dar conta, solid\u00e3o. E isso n\u00e3o \u00e9 exagero, nem fraqueza. \u00c9 parte de uma experi\u00eancia humana profunda e \u00e9 leg\u00edtima (Matsue, 2012; On\u00f3rio &amp; Silva, 2025). A psicologia tem estudado o que acontece com pessoas que vivem longe do seu pa\u00eds. E esses estudos mostram que a migra\u00e7\u00e3o n\u00e3o afeta apenas a rotina, mas tamb\u00e9m a forma como a pessoa se v\u00ea, se sente e se relaciona com o mundo. No Jap\u00e3o, por exemplo, muitos brasileiros vivem h\u00e1 anos sem se sentirem integrados. Mesmo depois de tanto tempo, ainda enfrentam barreiras lingu\u00edsticas, invisibilidade social e dificuldade de acesso a servi\u00e7os b\u00e1sicos. Matsue (2012), que estudou essas comunidades, identificou que a falta de pertencimento gera sofrimento emocional intenso, como solid\u00e3o, ansiedade e tristeza. Ela observa que, sem conseguir se comunicar plenamente, muitos brasileiros evitam buscar ajuda m\u00e9dica e psicol\u00f3gica, mesmo quando sentem que precisam. Nesse contexto, o que tem feito diferen\u00e7a \u00e9 o apoio emocional entre compatriotas. Grupos religiosos, por exemplo, t\u00eam servido como espa\u00e7o de escuta e acolhimento, ainda que, \u00e0s vezes, envolvam normas morais r\u00edgidas. O importante \u00e9 que nesses espa\u00e7os, a pessoa se sente menos sozinha e menos \u00e0 margem. Gustavo Dias (2010), ao pesquisar a vida de imigrantes brasileiros em Londres, encontrou outro ponto fundamental: a casa. Mesmo que seja um quarto alugado e compartilhado, a casa vira um espa\u00e7o de reconstru\u00e7\u00e3o. \u00c9 onde se come arroz com feij\u00e3o, onde se fala portugu\u00eas, onde se mant\u00e9m vivas pequenas tradi\u00e7\u00f5es. Segundo Dias, esse ambiente dom\u00e9stico (ainda que prec\u00e1rio), ajuda a manter uma sensa\u00e7\u00e3o de identidade, de continuidade, de quem se \u00e9. Em outras palavras, a casa se transforma num lugar onde \u00e9 poss\u00edvel respirar. Mas h\u00e1 algo que escapa \u00e0 vista e tamb\u00e9m pesa: o modo como a pessoa se compara aos outros. Moura (2024), ao estudar brasileiros que vivem em Portugal, percebeu que quanto mais os imigrantes se comparam com os portugueses ou grupo socialmente mais valorizado, maior \u00e9 o impacto negativo sobre a autoestima. Sentem-se insuficientes, deslocados, incapazes. J\u00e1 quando se comparam com pessoas em situa\u00e7\u00e3o semelhante, ou com sua pr\u00f3pria trajet\u00f3ria, o efeito \u00e9 mais acolhedor. H\u00e1 mais realismo e menos cobran\u00e7a. Essas experi\u00eancias, o isolamento, o sentimento de inadequa\u00e7\u00e3o, a autocr\u00edtica constante t\u00eam algo em comum: a forma como s\u00e3o interpretadas internamente. E \u00e9 nesse ponto que a psicologia cl\u00ednica tem muito a contribuir. Aaron Beck, um dos principais nomes da psicologia contempor\u00e2nea, mostrou que o sofrimento emocional n\u00e3o est\u00e1 apenas nos fatos, mas na maneira como os interpretamos. Quando a pessoa pensa \u201cn\u00e3o estou me esfor\u00e7ando o bastante\u201d ou \u201cnunca vou me adaptar\u201d, esses pensamentos passam a moldar o que ela sente e como age. Muitas vezes, esses pensamentos surgem automaticamente, com base em cren\u00e7as antigas, como \u201cpreciso ser perfeito para ser aceito\u201d ou \u201csou um fracasso se n\u00e3o der conta de tudo\u201d. Essas ideias, chamadas por Beck de cren\u00e7as centrais, costumam ser ativadas em momentos de estresse ou mudan\u00e7a como a migra\u00e7\u00e3o. Elas funcionam como lentes pelas quais a realidade \u00e9 interpretada. E quanto mais r\u00edgidas forem essas lentes, mais dif\u00edcil se torna enxergar a pr\u00f3pria hist\u00f3ria com compaix\u00e3o e perspectiva. Al\u00e9m dos pensamentos, \u00e9 preciso olhar para as emo\u00e7\u00f5es. Leahy e colegas, observaram que muitas pessoas n\u00e3o sofrem apenas pela emo\u00e7\u00e3o em si, mas pela tentativa de fugir dela. Quem vive fora do seu pa\u00eds pode sentir uma mistura de raiva, medo, vergonha e tristeza, mas sem conseguir nomear ou expressar isso. Em vez disso, se cala, se sobrecarrega, ou se isola. E isso s\u00f3 aumenta a sensa\u00e7\u00e3o de estar sozinho com o pr\u00f3prio sofrimento. O que Leahy prop\u00f5e \u00e9 o desenvolvimento de recursos emocionais, aprender a lidar com as emo\u00e7\u00f5es, tolerar desconforto, reconhecer os pr\u00f3prios limites. Ele mostra que emo\u00e7\u00f5es como ansiedade ou tristeza n\u00e3o s\u00e3o sinais de fraqueza, mas respostas humanas a contextos dif\u00edceis. O problema est\u00e1 em como lidamos com essas emo\u00e7\u00f5es quando elas se tornam intensas demais, frequentes demais, ou nos impedem de viver. Esse conjunto de pensamentos r\u00edgidos, emo\u00e7\u00f5es mal compreendidas e comportamentos de evita\u00e7\u00e3o \u00e9 algo que pode ser transformado com ajuda profissional. N\u00e3o se trata de apagar a dor, mas de compreend\u00ea-la. De construir novas formas de interpretar o que est\u00e1 sendo vivido, reconhecendo a complexidade da vida fora do pa\u00eds sem romantizar, mas tamb\u00e9m sem se abandonar. Na pr\u00e1tica cl\u00ednica, \u00e9 poss\u00edvel ajudar algu\u00e9m a identificar quando est\u00e1 preso em ciclos de autocr\u00edtica, quando est\u00e1 reagindo a velhas cren\u00e7as em vez de fatos, ou quando est\u00e1 tentando ser forte demais por fora enquanto tudo desmorona por dentro. Trabalhar essas camadas \u00e9 uma forma de organizar a bagagem emocional acumulada. E isso pode abrir espa\u00e7o para respirar, escolher e se reconstruir. Viver fora do Brasil n\u00e3o deveria significar viver longe de si. O que voc\u00ea sente faz sentido. E merece espa\u00e7o para ser cuidado com respeito, \u00e9tica e escuta. Se essa leitura te tocou de alguma forma, saiba que \u00e9 poss\u00edvel atravessar esse momento com apoio. E que n\u00e3o \u00e9 preciso seguir sozinho. Refer\u00eancias Beck, A. T. (1979). Cognitive therapy and the emotional disorders. New American Library. Dias, G. T. (2010). Casa de brasileiros em Londres: A import\u00e2ncia da casa para os imigrantes brasileiros. Travessia: Revista do Migrante, 66, 45\u201351. Leahy, R. L., Tirch, D. D., &amp; Napolitano, L. A. (2021).<\/p>\n","protected":false},"author":2,"featured_media":1125,"comment_status":"open","ping_status":"open","sticky":false,"template":"","format":"standard","meta":{"_acf_changed":false,"_jetpack_memberships_contains_paid_content":false,"footnotes":""},"categories":[7],"tags":[],"class_list":["post-817","post","type-post","status-publish","format-standard","has-post-thumbnail","hentry","category-psicoeducacao"],"acf":[],"jetpack_featured_media_url":"https:\/\/andreacruzpsy.com\/wp-content\/uploads\/2025\/02\/Service7.avif","jetpack_sharing_enabled":true,"_links":{"self":[{"href":"https:\/\/andreacruzpsy.com\/br\/wp-json\/wp\/v2\/posts\/817","targetHints":{"allow":["GET"]}}],"collection":[{"href":"https:\/\/andreacruzpsy.com\/br\/wp-json\/wp\/v2\/posts"}],"about":[{"href":"https:\/\/andreacruzpsy.com\/br\/wp-json\/wp\/v2\/types\/post"}],"author":[{"embeddable":true,"href":"https:\/\/andreacruzpsy.com\/br\/wp-json\/wp\/v2\/users\/2"}],"replies":[{"embeddable":true,"href":"https:\/\/andreacruzpsy.com\/br\/wp-json\/wp\/v2\/comments?post=817"}],"version-history":[{"count":11,"href":"https:\/\/andreacruzpsy.com\/br\/wp-json\/wp\/v2\/posts\/817\/revisions"}],"predecessor-version":[{"id":2055,"href":"https:\/\/andreacruzpsy.com\/br\/wp-json\/wp\/v2\/posts\/817\/revisions\/2055"}],"wp:featuredmedia":[{"embeddable":true,"href":"https:\/\/andreacruzpsy.com\/br\/wp-json\/wp\/v2\/media\/1125"}],"wp:attachment":[{"href":"https:\/\/andreacruzpsy.com\/br\/wp-json\/wp\/v2\/media?parent=817"}],"wp:term":[{"taxonomy":"category","embeddable":true,"href":"https:\/\/andreacruzpsy.com\/br\/wp-json\/wp\/v2\/categories?post=817"},{"taxonomy":"post_tag","embeddable":true,"href":"https:\/\/andreacruzpsy.com\/br\/wp-json\/wp\/v2\/tags?post=817"}],"curies":[{"name":"wp","href":"https:\/\/api.w.org\/{rel}","templated":true}]}}