{"id":812,"date":"2025-01-15T17:09:09","date_gmt":"2025-01-15T17:09:09","guid":{"rendered":"https:\/\/darkcyan-turtle-783204.hostingersite.com\/?p=812"},"modified":"2026-03-01T16:23:00","modified_gmt":"2026-03-01T16:23:00","slug":"sintomas-de-ansiedade-e-burnout-no-trabalho","status":"publish","type":"post","link":"https:\/\/andreacruzpsy.com\/br\/sintomas-de-ansiedade-e-burnout-no-trabalho\/","title":{"rendered":"Burnout: A Verdade Oculta Por Tr\u00e1s Do Cansa\u00e7o Que Vai Al\u00e9m Do Trabalho"},"content":{"rendered":"\t\t<div data-elementor-type=\"wp-post\" data-elementor-id=\"812\" class=\"elementor elementor-812\" data-elementor-settings=\"{&quot;element_pack_global_tooltip_width&quot;:{&quot;unit&quot;:&quot;px&quot;,&quot;size&quot;:&quot;&quot;,&quot;sizes&quot;:[]},&quot;element_pack_global_tooltip_width_laptop&quot;:{&quot;unit&quot;:&quot;px&quot;,&quot;size&quot;:&quot;&quot;,&quot;sizes&quot;:[]},&quot;element_pack_global_tooltip_width_tablet&quot;:{&quot;unit&quot;:&quot;px&quot;,&quot;size&quot;:&quot;&quot;,&quot;sizes&quot;:[]},&quot;element_pack_global_tooltip_width_mobile&quot;:{&quot;unit&quot;:&quot;px&quot;,&quot;size&quot;:&quot;&quot;,&quot;sizes&quot;:[]},&quot;element_pack_global_tooltip_padding&quot;:{&quot;unit&quot;:&quot;px&quot;,&quot;top&quot;:&quot;&quot;,&quot;right&quot;:&quot;&quot;,&quot;bottom&quot;:&quot;&quot;,&quot;left&quot;:&quot;&quot;,&quot;isLinked&quot;:true},&quot;element_pack_global_tooltip_padding_laptop&quot;:{&quot;unit&quot;:&quot;px&quot;,&quot;top&quot;:&quot;&quot;,&quot;right&quot;:&quot;&quot;,&quot;bottom&quot;:&quot;&quot;,&quot;left&quot;:&quot;&quot;,&quot;isLinked&quot;:true},&quot;element_pack_global_tooltip_padding_tablet&quot;:{&quot;unit&quot;:&quot;px&quot;,&quot;top&quot;:&quot;&quot;,&quot;right&quot;:&quot;&quot;,&quot;bottom&quot;:&quot;&quot;,&quot;left&quot;:&quot;&quot;,&quot;isLinked&quot;:true},&quot;element_pack_global_tooltip_padding_mobile&quot;:{&quot;unit&quot;:&quot;px&quot;,&quot;top&quot;:&quot;&quot;,&quot;right&quot;:&quot;&quot;,&quot;bottom&quot;:&quot;&quot;,&quot;left&quot;:&quot;&quot;,&quot;isLinked&quot;:true},&quot;element_pack_global_tooltip_border_radius&quot;:{&quot;unit&quot;:&quot;px&quot;,&quot;top&quot;:&quot;&quot;,&quot;right&quot;:&quot;&quot;,&quot;bottom&quot;:&quot;&quot;,&quot;left&quot;:&quot;&quot;,&quot;isLinked&quot;:true},&quot;element_pack_global_tooltip_border_radius_laptop&quot;:{&quot;unit&quot;:&quot;px&quot;,&quot;top&quot;:&quot;&quot;,&quot;right&quot;:&quot;&quot;,&quot;bottom&quot;:&quot;&quot;,&quot;left&quot;:&quot;&quot;,&quot;isLinked&quot;:true},&quot;element_pack_global_tooltip_border_radius_tablet&quot;:{&quot;unit&quot;:&quot;px&quot;,&quot;top&quot;:&quot;&quot;,&quot;right&quot;:&quot;&quot;,&quot;bottom&quot;:&quot;&quot;,&quot;left&quot;:&quot;&quot;,&quot;isLinked&quot;:true},&quot;element_pack_global_tooltip_border_radius_mobile&quot;:{&quot;unit&quot;:&quot;px&quot;,&quot;top&quot;:&quot;&quot;,&quot;right&quot;:&quot;&quot;,&quot;bottom&quot;:&quot;&quot;,&quot;left&quot;:&quot;&quot;,&quot;isLinked&quot;:true}}\" data-elementor-post-type=\"post\">\n\t\t\t\t<div class=\"elementor-element elementor-element-3802db16 e-flex e-con-boxed wpr-particle-no wpr-jarallax-no wpr-parallax-no wpr-sticky-section-no wpr-equal-height-no e-con e-parent\" data-id=\"3802db16\" data-element_type=\"container\" data-e-type=\"container\">\n\t\t\t\t\t<div class=\"e-con-inner\">\n\t\t\t\t<div class=\"elementor-element elementor-element-7941d309 elementor-widget elementor-widget-text-editor\" data-id=\"7941d309\" data-element_type=\"widget\" data-e-type=\"widget\" data-widget_type=\"text-editor.default\">\n\t\t\t\t<div class=\"elementor-widget-container\">\n\t\t\t\t\t\t\t\t\t\n<p>\u00c9 cada vez mais comum ouvirmos falar sobre Burnout no contexto da sa\u00fade mental do trabalhador. Mais do que um simples \u201cdiagn\u00f3stico\u201d, esta s\u00edndrome reflete uma realidade alarmante. Segundo Brum (2024), o n\u00famero de trabalhadores que tiram licen\u00e7a devido \u00e0 s\u00edndrome de Burnout aumentou em impressionantes 1.000% desde 2014, com um salto expressivo entre 2020 e 2023.<\/p>\n\n<blockquote class=\"wp-block-quote is-layout-flow wp-block-quote-is-layout-flow\">\n<blockquote class=\"wp-block-quote is-layout-flow wp-block-quote-is-layout-flow\">\n<p id=\"2873\"><em>O Instituto Nacional de Seguridade Social (INSS) relatou 421 benef\u00edcios relacionados ao Burnout no ano passado, sublinhando a gravidade do problema.<\/em><\/p>\n<\/blockquote>\n<\/blockquote>\n\n<p id=\"b880\">Este artigo tem como objetivo desmistificar os conceitos por tr\u00e1s dessa condi\u00e7\u00e3o que vai muito al\u00e9m do cansa\u00e7o \u201cnormal\u201d relacionado ao trabalho. Al\u00e9m disso, quero oferecer insights que ajudem voc\u00ea a entender como o Burnout se desenvolve e como preveni-lo. Afinal, compreender \u00e9 o primeiro passo para agir.<\/p>\n\n<h2 id=\"abc6\" class=\"wp-block-heading\">O Que Significa Burnout?<\/h2>\n\n<p id=\"46cd\">A palavra \u201cBurnout\u201d, em ingl\u00eas, segundo o\u00a0<strong>Oxford Languages<\/strong>, significa literalmente \u201ca redu\u00e7\u00e3o de um combust\u00edvel ou subst\u00e2ncia a nada por meio de uso ou combust\u00e3o\u201d. Em termos humanos, o\u00a0<strong>Minist\u00e9rio da Sa\u00fade<\/strong>\u00a0define a s\u00edndrome como \u201cum dist\u00farbio emocional marcado por esgotamento extremo, estresse e fadiga f\u00edsica decorrente de situa\u00e7\u00f5es de trabalho desgastantes, que demandam alta competitividade ou responsabilidade.\u201d<\/p>\n\n<p id=\"238d\">Nas entrelinhas dessas defini\u00e7\u00f5es est\u00e1 a ess\u00eancia do Burnout: um processo de esgotamento total e irrevers\u00edvel. A seguir, apresento cinco aspectos cruciais que ilustram esse fen\u00f4meno:<\/p>\n\n<ul class=\"wp-block-list\">\n<li><strong>Consumo Completo:<\/strong>\u00a0Assim como o combust\u00edvel se esgota, o Burnout drena as capacidades emocionais, f\u00edsicas e mentais de uma pessoa.<\/li>\n\n<li><strong>Transforma\u00e7\u00e3o em Res\u00edduos:<\/strong>\u00a0Enquanto o combust\u00edvel vira cinzas, o indiv\u00edduo entra em um estado de apatia, perda de produtividade e bem-estar.<\/li>\n\n<li><strong>Inefici\u00eancia:<\/strong>\u00a0Quando o combust\u00edvel acaba, a m\u00e1quina para. O mesmo ocorre com quem vive o Burnout.<\/li>\n\n<li><strong>Processo Gradual:<\/strong>\u00a0Pequenos desgastes acumulados levam ao esgotamento total.<\/li>\n\n<li><strong>Falta de Reposi\u00e7\u00e3o:<\/strong>\u00a0Assim como uma m\u00e1quina sem manuten\u00e7\u00e3o quebra, o ser humano sem equil\u00edbrio e descanso tamb\u00e9m colapsa.<\/li>\n<\/ul>\n\n<blockquote class=\"wp-block-quote is-layout-flow wp-block-quote-is-layout-flow\">\n<p id=\"6c70\"><em>Vamos explorar essas din\u00e2micas por meio de casos reais, que ilustram a progress\u00e3o silenciosa e os impactos devastadores do Burnout.<\/em><\/p>\n<\/blockquote>\n\n<blockquote class=\"wp-block-quote is-layout-flow wp-block-quote-is-layout-flow\">\n<h3 id=\"4e5f\" class=\"wp-block-heading\">Caso 1: O Desgaste Invis\u00edvel do Dia a Dia<\/h3>\n<\/blockquote>\n\n<p id=\"5333\">Uma cliente relatou cansa\u00e7o persistente e desinteresse por atividades prazerosas, apesar de ter tempo livre ap\u00f3s o trabalho. Seu ref\u00fagio era o sof\u00e1, onde passava horas no celular. No trabalho, enfrentava carga excessiva e um ambiente t\u00f3xico, agravado por deslocamentos di\u00e1rios desumanos em transportes p\u00fablicos lotados.<\/p>\n\n<h4 id=\"528d\" class=\"wp-block-heading\">O Processo do Burnout<\/h4>\n\n<ul class=\"wp-block-list\">\n<li><strong>Est\u00e1gio Inicial:<\/strong>\u00a0O cansa\u00e7o foi inicialmente percebido como algo normal diante da press\u00e3o do trabalho.<\/li>\n\n<li><strong>Comprometimento de Prazeres:<\/strong>\u00a0Com o tempo, ela n\u00e3o tinha energia para hobbies. O celular tornou-se uma fuga ineficaz.<\/li>\n\n<li><strong>Desconex\u00e3o e Desmotiva\u00e7\u00e3o:<\/strong>\u00a0A rotina desgastante no trabalho e nos transportes drenou suas \u00faltimas reservas emocionais.<\/li>\n<\/ul>\n\n<h4 id=\"c3cf\" class=\"wp-block-heading\">A An\u00e1lise<\/h4>\n\n<p id=\"c887\">Este caso mostra como o Burnout \u00e9 multifatorial, envolvendo n\u00e3o apenas o trabalho, mas tamb\u00e9m elementos negligenciados, como deslocamentos e ambientes coletivos insalubres.<\/p>\n\n<blockquote class=\"wp-block-quote is-layout-flow wp-block-quote-is-layout-flow\">\n<h3 id=\"280d\" class=\"wp-block-heading\">Caso 2: A Ilus\u00e3o da Recupera\u00e7\u00e3o R\u00e1pida<\/h3>\n<\/blockquote>\n\n<p id=\"d026\">Outra cliente, diagnosticada com Transtorno de Ansiedade Generalizada (TAG), enfrentou uma crise de ansiedade severa no trabalho e foi afastada por 30 dias. Embora os sintomas tivessem melhorado temporariamente, ela retornou ao mesmo ambiente estressante, e o Burnout persistiu.<\/p>\n\n<h4 id=\"1ecd\" class=\"wp-block-heading\">O Ciclo do Burnout<\/h4>\n\n<ul class=\"wp-block-list\">\n<li><strong>Crise:<\/strong>\u00a0A cliente atingiu um ponto de ruptura ap\u00f3s anos de desgaste acumulado.<\/li>\n\n<li><strong>Estabiliza\u00e7\u00e3o Tempor\u00e1ria:<\/strong>\u00a0O afastamento reduziu os sintomas mais intensos, mas foi apenas um al\u00edvio superficial.<\/li>\n\n<li><strong>Retorno dos Sintomas:<\/strong>\u00a0Sem transforma\u00e7\u00f5es estruturais no trabalho ou na vida pessoal, o ciclo de esgotamento foi reativado.<\/li>\n<\/ul>\n\n<h4 id=\"ecc0\" class=\"wp-block-heading\">A An\u00e1lise<\/h4>\n\n<p id=\"84b8\">Esse caso revela que o Burnout exige uma abordagem profunda e integrada, indo al\u00e9m de solu\u00e7\u00f5es tempor\u00e1rias. Recuperar-se requer mudan\u00e7as no ambiente, pr\u00e1ticas de reposi\u00e7\u00e3o e compreens\u00e3o sobre a s\u00edndrome.<\/p>\n\n<h2 id=\"fa0c\" class=\"wp-block-heading\">A Verdade Oculta: O Que Vai Al\u00e9m do Trabalho<\/h2>\n\n<p id=\"8703\">O Burnout n\u00e3o \u00e9 apenas sobre trabalho excessivo. Trata-se de:<\/p>\n\n<ul class=\"wp-block-list\">\n<li><strong>Desgaste Multifatorial:<\/strong>\u00a0Ambientes t\u00f3xicos, press\u00f5es psicol\u00f3gicas, e falta de tempo de qualidade contribuem para o esgotamento.<\/li>\n\n<li><strong>Aus\u00eancia de Reposi\u00e7\u00e3o:<\/strong>\u00a0O descanso \u00e9 negligenciado, e pr\u00e1ticas passivas (como redes sociais) n\u00e3o renovam energia.<\/li>\n\n<li><strong>Fatores Invis\u00edveis:<\/strong>\u00a0Como deslocamentos longos e o estresse coletivo.<\/li>\n\n<li><strong>Desconex\u00e3o com Necessidades Internas:<\/strong>\u00a0Ignorar sinais de alerta e priorizar a produtividade.<\/li>\n<\/ul>\n\n<p id=\"5683\">Para compreender profundamente como esses est\u00e1gios afetam sua vida, o Maslach Burnout Inventory\u2122 (MBI) \u00e9 uma ferramenta cient\u00edfica amplamente reconhecida.<\/p>\n\n<blockquote class=\"wp-block-quote is-layout-flow wp-block-quote-is-layout-flow\">\n<p id=\"7a4d\">Este assessment \u00e9 realizado com a orienta\u00e7\u00e3o de um psic\u00f3logo ou psiquiatra, permitindo:<\/p>\n<\/blockquote>\n\n<ul class=\"wp-block-list\">\n<li>Identificar em qual est\u00e1gio do Burnout voc\u00ea se encontra.<\/li>\n\n<li>Entender quais fatores est\u00e3o contribuindo para o esgotamento.<\/li>\n\n<li>Planejar estrat\u00e9gias de interven\u00e7\u00e3o personalizadas.<\/li>\n<\/ul>\n\n<div class=\"wp-block-spacer\" style=\"height: 13px;\" aria-hidden=\"true\">\u00a0<\/div>\n\n<p>Se voc\u00ea est\u00e1 enfrentando sinais de Burnout ou deseja prevenir o esgotamento, realizar o MBI pode ser o primeiro passo para transformar sua rotina. Com o suporte de um profissional, voc\u00ea receber\u00e1 um direcionamento claro e eficaz para recuperar seu equil\u00edbrio.<\/p>\n\n<div class=\"wp-block-spacer\" style=\"height: 47px;\" aria-hidden=\"true\">\u00a0<\/div>\n<hr class=\"wp-block-separator has-alpha-channel-opacity\" \/>\n<p>\u00a0<\/p>\n\n<p>Influenciadora? S\u00f3 se for de autocuidado, autoconhecimento e umas verdades que a terapia n\u00e3o esconde.<br \/>Sou psic\u00f3loga e crio conte\u00fado para quem prefere profundidade \u00e0 performance. Aqui, sa\u00fade mental n\u00e3o \u00e9 tend\u00eancia: \u00e9 prioridade.<br \/>Se chegou at\u00e9 aqui, n\u00e3o foi por acaso. Fica. L\u00ea. Reflete. Ou volta quando quiser, a porta est\u00e1 sempre aberta.<\/p>\n\n<p><strong>Por\u00a0Andrea Cruz | Atualizado em 21\/01\/2025<\/strong><\/p>\n\n<p>\u00a0<\/p>\n\t\t\t\t\t\t\t\t<\/div>\n\t\t\t\t<\/div>\n\t\t\t\t\t<\/div>\n\t\t\t\t<\/div>\n\t\t\t\t<\/div>\n\t\t","protected":false},"excerpt":{"rendered":"<p>\u00c9 cada vez mais comum ouvirmos falar sobre Burnout no contexto da sa\u00fade mental do trabalhador. Mais do que um simples \u201cdiagn\u00f3stico\u201d, esta s\u00edndrome reflete uma realidade alarmante. Segundo Brum (2024), o n\u00famero de trabalhadores que tiram licen\u00e7a devido \u00e0 s\u00edndrome de Burnout aumentou em impressionantes 1.000% desde 2014, com um salto expressivo entre 2020 e 2023. Este artigo tem como objetivo desmistificar os conceitos por tr\u00e1s dessa condi\u00e7\u00e3o que vai muito al\u00e9m do cansa\u00e7o \u201cnormal\u201d relacionado ao trabalho. Al\u00e9m disso, quero oferecer insights que ajudem voc\u00ea a entender como o Burnout se desenvolve e como preveni-lo. Afinal, compreender \u00e9 o primeiro passo para agir. O Que Significa Burnout? A palavra \u201cBurnout\u201d, em ingl\u00eas, segundo o\u00a0Oxford Languages, significa literalmente \u201ca redu\u00e7\u00e3o de um combust\u00edvel ou subst\u00e2ncia a nada por meio de uso ou combust\u00e3o\u201d. Em termos humanos, o\u00a0Minist\u00e9rio da Sa\u00fade\u00a0define a s\u00edndrome como \u201cum dist\u00farbio emocional marcado por esgotamento extremo, estresse e fadiga f\u00edsica decorrente de situa\u00e7\u00f5es de trabalho desgastantes, que demandam alta competitividade ou responsabilidade.\u201d Nas entrelinhas dessas defini\u00e7\u00f5es est\u00e1 a ess\u00eancia do Burnout: um processo de esgotamento total e irrevers\u00edvel. A seguir, apresento cinco aspectos cruciais que ilustram esse fen\u00f4meno: Vamos explorar essas din\u00e2micas por meio de casos reais, que ilustram a progress\u00e3o silenciosa e os impactos devastadores do Burnout. Caso 1: O Desgaste Invis\u00edvel do Dia a Dia Uma cliente relatou cansa\u00e7o persistente e desinteresse por atividades prazerosas, apesar de ter tempo livre ap\u00f3s o trabalho. Seu ref\u00fagio era o sof\u00e1, onde passava horas no celular. No trabalho, enfrentava carga excessiva e um ambiente t\u00f3xico, agravado por deslocamentos di\u00e1rios desumanos em transportes p\u00fablicos lotados. O Processo do Burnout A An\u00e1lise Este caso mostra como o Burnout \u00e9 multifatorial, envolvendo n\u00e3o apenas o trabalho, mas tamb\u00e9m elementos negligenciados, como deslocamentos e ambientes coletivos insalubres. Caso 2: A Ilus\u00e3o da Recupera\u00e7\u00e3o R\u00e1pida Outra cliente, diagnosticada com Transtorno de Ansiedade Generalizada (TAG), enfrentou uma crise de ansiedade severa no trabalho e foi afastada por 30 dias. Embora os sintomas tivessem melhorado temporariamente, ela retornou ao mesmo ambiente estressante, e o Burnout persistiu. O Ciclo do Burnout A An\u00e1lise Esse caso revela que o Burnout exige uma abordagem profunda e integrada, indo al\u00e9m de solu\u00e7\u00f5es tempor\u00e1rias. Recuperar-se requer mudan\u00e7as no ambiente, pr\u00e1ticas de reposi\u00e7\u00e3o e compreens\u00e3o sobre a s\u00edndrome. A Verdade Oculta: O Que Vai Al\u00e9m do Trabalho O Burnout n\u00e3o \u00e9 apenas sobre trabalho excessivo. Trata-se de: Para compreender profundamente como esses est\u00e1gios afetam sua vida, o Maslach Burnout Inventory\u2122 (MBI) \u00e9 uma ferramenta cient\u00edfica amplamente reconhecida. Este assessment \u00e9 realizado com a orienta\u00e7\u00e3o de um psic\u00f3logo ou psiquiatra, permitindo: Se voc\u00ea est\u00e1 enfrentando sinais de Burnout ou deseja prevenir o esgotamento, realizar o MBI pode ser o primeiro passo para transformar sua rotina. Com o suporte de um profissional, voc\u00ea receber\u00e1 um direcionamento claro e eficaz para recuperar seu equil\u00edbrio. \u00a0 Influenciadora? S\u00f3 se for de autocuidado, autoconhecimento e umas verdades que a terapia n\u00e3o esconde.Sou psic\u00f3loga e crio conte\u00fado para quem prefere profundidade \u00e0 performance. Aqui, sa\u00fade mental n\u00e3o \u00e9 tend\u00eancia: \u00e9 prioridade.Se chegou at\u00e9 aqui, n\u00e3o foi por acaso. Fica. L\u00ea. Reflete. Ou volta quando quiser, a porta est\u00e1 sempre aberta. Por\u00a0Andrea Cruz | Atualizado em 21\/01\/2025 \u00a0<\/p>\n","protected":false},"author":2,"featured_media":1123,"comment_status":"open","ping_status":"open","sticky":false,"template":"","format":"standard","meta":{"_acf_changed":false,"_jetpack_memberships_contains_paid_content":false,"footnotes":""},"categories":[7],"tags":[],"class_list":["post-812","post","type-post","status-publish","format-standard","has-post-thumbnail","hentry","category-psicoeducacao"],"acf":[],"jetpack_featured_media_url":"https:\/\/andreacruzpsy.com\/wp-content\/uploads\/2025\/02\/Service5.avif","jetpack_sharing_enabled":true,"_links":{"self":[{"href":"https:\/\/andreacruzpsy.com\/br\/wp-json\/wp\/v2\/posts\/812","targetHints":{"allow":["GET"]}}],"collection":[{"href":"https:\/\/andreacruzpsy.com\/br\/wp-json\/wp\/v2\/posts"}],"about":[{"href":"https:\/\/andreacruzpsy.com\/br\/wp-json\/wp\/v2\/types\/post"}],"author":[{"embeddable":true,"href":"https:\/\/andreacruzpsy.com\/br\/wp-json\/wp\/v2\/users\/2"}],"replies":[{"embeddable":true,"href":"https:\/\/andreacruzpsy.com\/br\/wp-json\/wp\/v2\/comments?post=812"}],"version-history":[{"count":10,"href":"https:\/\/andreacruzpsy.com\/br\/wp-json\/wp\/v2\/posts\/812\/revisions"}],"predecessor-version":[{"id":2059,"href":"https:\/\/andreacruzpsy.com\/br\/wp-json\/wp\/v2\/posts\/812\/revisions\/2059"}],"wp:featuredmedia":[{"embeddable":true,"href":"https:\/\/andreacruzpsy.com\/br\/wp-json\/wp\/v2\/media\/1123"}],"wp:attachment":[{"href":"https:\/\/andreacruzpsy.com\/br\/wp-json\/wp\/v2\/media?parent=812"}],"wp:term":[{"taxonomy":"category","embeddable":true,"href":"https:\/\/andreacruzpsy.com\/br\/wp-json\/wp\/v2\/categories?post=812"},{"taxonomy":"post_tag","embeddable":true,"href":"https:\/\/andreacruzpsy.com\/br\/wp-json\/wp\/v2\/tags?post=812"}],"curies":[{"name":"wp","href":"https:\/\/api.w.org\/{rel}","templated":true}]}}